{"id":124,"date":"2015-03-22T15:01:50","date_gmt":"2015-03-22T15:01:50","guid":{"rendered":"http:\/\/www.friendsofvictoire.org\/fr\/?p=124"},"modified":"2015-09-26T21:26:10","modified_gmt":"2015-09-26T21:26:10","slug":"a-propos-de-victoire","status":"publish","type":"post","link":"https:\/\/www.friendsofvictoire.org\/fr\/a-propos-de-victoire\/","title":{"rendered":"A propos de Victoire"},"content":{"rendered":"<blockquote>\n<p style=\"text-align: justify;\">\u00ab\u00a0Il y a de ces personnalit\u00e9s politiques africaines qui suscitent respect et admiration. C\u2019est notamment le cas de l\u2019opposante rwandaise, aujourd\u2019hui incarc\u00e9r\u00e9e par le pouvoir criminel de Kagame, Madame Victoire Ingabire.<br \/>\nUne femme courageuse qui affronte, seule et \u00e0 mains nues, l\u2019un des plus grands, pour ne pas dire le plus grand criminel contre l\u2019humanit\u00e9 en fonction. Faites le tour de la classe politique congolaise, vous ne trouverez pas d\u2019homme politique de cette envergure. En tout cas, je militerai volontiers pour qu&rsquo;une rue de mon pays, la RD Kongo, porte un jour le nom de cette grande dame.\u00a0\u00bb<\/p>\n<\/blockquote>\n<p style=\"text-align: left; padding-left: 90px;\">Patrick Mbeko, Ecrivain et g\u00e9opolitologue sp\u00e9cialiste de l&rsquo;Afrique.<\/p>\n<hr noshade=\"noshade\" size=\"6\" \/>\n<div id=\"attachment_270\" style=\"width: 464px\" class=\"wp-caption aligncenter\"><img loading=\"lazy\" decoding=\"async\" aria-describedby=\"caption-attachment-270\" class=\"wp-image-270 size-full\" src=\"http:\/\/www.friendsofvictoire.org\/wp-content\/uploads\/2014\/09\/Victoire_Ingabire_in_0range.png\" alt=\"Victoire Ingabire in Uniform\" width=\"454\" height=\"440\" \/><p id=\"caption-attachment-270\" class=\"wp-caption-text\">\u00a0\u00bb J&rsquo;admire cette force tranquille qui sommeille en elle. C&rsquo;est vrai qu&rsquo;il est long et parfois tr\u00e8s dur ce chemin qui nous conduit des t\u00e9n\u00e8bres \u00e0 la lumi\u00e8re. Tiens bon Victoire, tu la tiens cette victoire \u00e0 la lumi\u00e8re.\u00a0\u00bb : Kin Alkdv<\/p><\/div>\n<hr noshade=\"noshade\" size=\"6\" \/>\n<blockquote><p>\u00ab\u00a0On a besoin de Femme comme elle, pour donner des le\u00e7ons de courage \u00e0 toutes les femmes africaines et arabes.\u00a0\u00bb<\/p><\/blockquote>\n<p style=\"text-align: left; padding-left: 90px;\">Na\u00efma Rajhi, Tunis<\/p>\n<hr noshade=\"noshade\" size=\"6\" \/>\n<blockquote>\n<p style=\"text-align: justify;\">\u00ab\u00a0Quand je regarde cette femme, j&rsquo;ai presque l&rsquo;impression de lire dans ses yeux la souffrance des femmes congolaises martyris\u00e9es, elles aussi, par le m\u00eame tyran. J&rsquo;esp\u00e8re que son combat finira par payer. Merci, Patrick, de nous rappeler ce cas tellement touchant.\u00a0\u00bb<\/p>\n<\/blockquote>\n<hr noshade=\"noshade\" size=\"6\" \/>\n<blockquote>\n<p style=\"text-align: justify;\">Sous des cieux plus cl\u00e9ments, la rose est la couleur de l&rsquo;amour mais dans l&rsquo;enfer kagam\u00e9en, elle est la couleur de l&#8217;embastillement. Tondue pour l&rsquo;humilier, elle garde n\u00e9anmoins cette beaut\u00e9 d&rsquo;une femme noire debout et protectrice des humains dans leur ensemble, sans distinction d&rsquo;ethnies ou de \u00ab\u00a0races\u00a0\u00bb.<\/p>\n<p style=\"text-align: justify;\">Elle se bat pour toute la r\u00e9gion des Grands Lacs, pour les six millions de congolais victimes des crimes et viols dont l&rsquo;auteur et l&rsquo;initiateur est connu m\u00eame de ceux qui le soutiennent, elle se bat pour les rwandais qui vivent dans un pays in\u00e9galitaire dans lequel seul un groupe ethnique d\u00e9tient tous les rouages de la vie, elle se bat pour cette majorit\u00e9 silencieuse qui englobe hutu, tutsi et twa, elle se bat contre contre ces haines et col\u00e8res enfouies et gestation lesquelles, m\u00fbres, seront la source des guerres de revanche futures.<\/p>\n<p style=\"text-align: justify;\">Nous, tous, savons que jamais le nom de Victoire Ingabire n&rsquo;ira pourrir dans les poubelles de l&rsquo;Histoire, son nom rejoindra ceux d&rsquo;autres illustres noms desquels nous nous r\u00e9clamons aujourd&rsquo;hui, des noms que nous apprendrons avec fiert\u00e9 et \u00e0 la lumi\u00e8re du jour \u00e0 nos enfants, aux enfants d&rsquo;Afrique, aux enfants d&rsquo;une r\u00e9gion des Grands Lacs fraternelle, aux enfants d&rsquo;un monde libre.<\/p>\n<p style=\"text-align: justify;\">Je sais que beaucoup d&rsquo;autres femmes suivent d\u00e9j\u00e0 l&rsquo;exemple de Rosa Park, de Winnie Mandela, de Victoire Ingabire et plein d&rsquo;autres qui ne sont pas rest\u00e9es au bord du noble chemin de la libert\u00e9. Je leur dis, MERCI MAMANS!.<\/p>\n<p>Damien Mavambu, 4 October 2014<\/p><\/blockquote>\n<hr noshade=\"noshade\" size=\"6\" \/>\n<blockquote>\n<p style=\"text-align: justify;\">Franchement mon frere Mbeko,je suis tres touche de lire cet article sur cette grande dame de l&rsquo;afrique centrale, qui a oser la ou bcp ont eu peur!!! Elle m&rsquo;a tjrs facinner par son courage et je soutiens ton initiative de penser a mettre son dans l&rsquo;une de nos avenues pour montrer a d&rsquo;autres femmes que les Makeba,Winnie ect&#8230; sont encore la!.<\/p>\n<\/blockquote>\n<p style=\"padding-left: 90px;\">Charlie Mingiedi Mbala N&rsquo;zeteke, Chairman, Chaming Consulting Group.<\/p>\n<hr noshade=\"noshade\" size=\"6\" \/>\n<blockquote><p>\u00ab\u00a0Respects \u00e0 cette femme dont les m\u00e9dias taisent le combat et l&#8217;emprisonnement ignoble! Avec le Dr Mukwege, elle fait partie de ces personnes qui m\u00e9ritent le Prix Nobel, si ce Prix avait encore un sens.<\/p><\/blockquote>\n<p style=\"padding-left: 90px;\">Damien Mavambu, Gestionnaire Parc Informatique, SECURINFOR, GAGNY, France<\/p>\n<hr noshade=\"noshade\" size=\"6\" \/>\n<blockquote><p>Tu es une femme combattante je t&rsquo;en f\u00e9licite beaucoup du courage et la victoire va vers toi.<\/p><\/blockquote>\n<p style=\"padding-left: 90px;\">Chantal Pelasimba<\/p>\n<hr noshade=\"noshade\" size=\"6\" \/>\n<blockquote>\n<p style=\"text-align: justify;\">Le jour Victoire a mis un pied de retour au Rwanda, elle est devenue une h\u00e9ro\u00efne. Si nous ne comprenons pas que cette femme est l&rsquo;espoir pour l&rsquo;Afrique, si nous ne comprenons pas que nous en tant que peuple, en tant que Congolais, Rwandais, Ougandais, nous devons soutenir cette femme et demandons ce criminel de la lib\u00e9rer, c&rsquo;est parce que nous ne comprenons pas l&rsquo;essence du c\u0153ur de l&rsquo;Afrique qui bat dans le corps de cette femme. Nous devrions c\u00e9l\u00e9brer nos h\u00e9ros africains quand ils sont encore en vie.<\/p>\n<\/blockquote>\n<p style=\"padding-left: 90px;\">BK Kumbi, historienne et activiste Congolese<\/p>\n<hr noshade=\"noshade\" size=\"6\" \/>\n<blockquote>\n<p style=\"text-align: justify;\">J&rsquo;admire cette force tranquille qui sommeille en elle c&rsquo;est vrai qu&rsquo;il est long parfois tr\u00e8s dur ce chemin qui nous conduit des t\u00e9n\u00e8bres \u00e0 la lumi\u00e8re Tiens bon Victoire tu la tiens cette victoire \u00e0 la lumi\u00e8re.<\/p>\n<\/blockquote>\n<p style=\"padding-left: 90px;\"><strong>Kin Alkdv<\/strong><\/p>\n<hr noshade=\"noshade\" size=\"6\" \/>\n<p>&nbsp;<\/p>\n","protected":false},"excerpt":{"rendered":"<p>\u00ab\u00a0Il y a de ces personnalit\u00e9s politiques africaines qui suscitent respect et admiration. C\u2019est notamment le cas de l\u2019opposante rwandaise, aujourd\u2019hui incarc\u00e9r\u00e9e par le pouvoir criminel de Kagame, Madame Victoire Ingabire. Une femme courageuse qui affronte, seule et \u00e0 mains nues, l\u2019un des plus grands, pour ne pas dire le \u2026<\/p>\n<p> <a class=\"continue-reading-link\" href=\"https:\/\/www.friendsofvictoire.org\/fr\/a-propos-de-victoire\/\">Continuer \u00e0 lire<i class=\"icon-right-dir\"><\/i><\/a><\/p>\n","protected":false},"author":1,"featured_media":131,"comment_status":"closed","ping_status":"closed","sticky":false,"template":"","format":"standard","meta":{"footnotes":""},"categories":[5],"tags":[],"class_list":["post-124","post","type-post","status-publish","format-standard","has-post-thumbnail","hentry","category-opinion"],"jetpack_featured_media_url":"https:\/\/www.friendsofvictoire.org\/fr\/wp-content\/uploads\/2015\/03\/Manif-rifdp-16-0114.jpg","_links":{"self":[{"href":"https:\/\/www.friendsofvictoire.org\/fr\/wp-json\/wp\/v2\/posts\/124","targetHints":{"allow":["GET"]}}],"collection":[{"href":"https:\/\/www.friendsofvictoire.org\/fr\/wp-json\/wp\/v2\/posts"}],"about":[{"href":"https:\/\/www.friendsofvictoire.org\/fr\/wp-json\/wp\/v2\/types\/post"}],"author":[{"embeddable":true,"href":"https:\/\/www.friendsofvictoire.org\/fr\/wp-json\/wp\/v2\/users\/1"}],"replies":[{"embeddable":true,"href":"https:\/\/www.friendsofvictoire.org\/fr\/wp-json\/wp\/v2\/comments?post=124"}],"version-history":[{"count":5,"href":"https:\/\/www.friendsofvictoire.org\/fr\/wp-json\/wp\/v2\/posts\/124\/revisions"}],"predecessor-version":[{"id":129,"href":"https:\/\/www.friendsofvictoire.org\/fr\/wp-json\/wp\/v2\/posts\/124\/revisions\/129"}],"wp:featuredmedia":[{"embeddable":true,"href":"https:\/\/www.friendsofvictoire.org\/fr\/wp-json\/wp\/v2\/media\/131"}],"wp:attachment":[{"href":"https:\/\/www.friendsofvictoire.org\/fr\/wp-json\/wp\/v2\/media?parent=124"}],"wp:term":[{"taxonomy":"category","embeddable":true,"href":"https:\/\/www.friendsofvictoire.org\/fr\/wp-json\/wp\/v2\/categories?post=124"},{"taxonomy":"post_tag","embeddable":true,"href":"https:\/\/www.friendsofvictoire.org\/fr\/wp-json\/wp\/v2\/tags?post=124"}],"curies":[{"name":"wp","href":"https:\/\/api.w.org\/{rel}","templated":true}]}}