{"id":134,"date":"2015-09-26T21:10:22","date_gmt":"2015-09-26T21:10:22","guid":{"rendered":"http:\/\/www.friendsofvictoire.org\/fr\/?p=134"},"modified":"2015-09-26T22:22:56","modified_gmt":"2015-09-26T22:22:56","slug":"victoire-ingabire-umuhoza-prisonniere-politique-depuis-cinq-ans","status":"publish","type":"post","link":"https:\/\/www.friendsofvictoire.org\/fr\/victoire-ingabire-umuhoza-prisonniere-politique-depuis-cinq-ans\/","title":{"rendered":"Victoire INGABIRE UMUHOZA: Prisonni\u00e8re Politique depuis cinq ans"},"content":{"rendered":"<p style=\"text-align: center;\"><img loading=\"lazy\" decoding=\"async\" class=\"aligncenter size-full wp-image-462\" src=\"http:\/\/www.friendsofvictoire.org\/wp-content\/uploads\/2015\/09\/Victoire-Ingabire-umuhoza-five-years.jpg\" alt=\"Victoire Ingabire Umuhoza: Five Years as a Political Prisoner\" width=\"398\" height=\"357\" \/>Victoire INGABIRE UMUHOZA: Prisonni\u00e8re Politique depuis cinq ans<\/p>\n<hr noshade=\"noshade\" size=\"6\" \/>\n<div class=\"csRow\">\n<div class=\"csColumnGap\" style=\"margin: 0px; padding: 0px; width: 9.67%; float: left;\"><img decoding=\"async\" style=\"border: currentColor;\" src=\"http:\/\/www.friendsofvictoire.org\/wp-content\/plugins\/advanced-wp-columns\/assets\/js\/plugins\/views\/img\/1x1-pixel.png\" alt=\"\" \/><\/div>\n<div class=\"csColumn\" style=\"margin: 0px; padding: 0px; width: 79.6%; float: left;\" data-csid=\"42908661-ca9b-0d8f-bcd9-ad58077c7b90\" data-cswidth=\"79.6%\" data-csendpoint=\"857.3899536132812\" data-csstartpoint=\"92.79000091552734\">\n<p style=\"text-align: justify;\">Mme Victoire INGABIRE UMUHOZA, Pr\u00e9sidente des FDU-INKINGI, arriv\u00e9e au RWANDA le 16 janvier 2010 pour participer aux \u00e9lections pr\u00e9sidentielles, fut incarc\u00e9r\u00e9e, apr\u00e8s plusieurs mois en r\u00e9sidence surveill\u00e9e et injustement condamn\u00e9e par le pouvoir de KIGALI, \u00e0 15 ans de prison ferme.<\/p>\n<\/div>\n<div class=\"csColumnGap\" style=\"margin: 0px; padding: 0px; width: 10.7%; float: left;\"><img decoding=\"async\" style=\"border: currentColor;\" src=\"http:\/\/www.friendsofvictoire.org\/wp-content\/plugins\/advanced-wp-columns\/assets\/js\/plugins\/views\/img\/1x1-pixel.png\" alt=\"\" \/><\/div>\n<div style=\"width: 0px; line-height: 0; clear: both; font-size: 0px; float: none; display: block; visibility: hidden;\"><\/div>\n<\/div>\n<hr noshade=\"noshade\" size=\"6\" \/>\n<p style=\"text-align: center;\">Les FDU-INKINGI, en collaboration avec les organisations amies de Victoire:<\/p>\n<p style=\"text-align: center;\"><em>Fondation Victoire pour la Paix (Belgique)<br \/>\nAssociation Victoire pour la Paix (France)<br \/>\nCommunaut\u00e9 Rwandaise de Lyon (France)<br \/>\nSOS Rwanda Burundi (Belgique)<br \/>\nR\u00e9seau International des Femmes pour la D\u00e9mocratie et la Paix (Belgique et Pays-Bas)<br \/>\nAssistance Aux Victimes des Conflits en Afrique Centrale (Belgique)<br \/>\nFriends of Victoire (Grande-Bretagne)<br \/>\nCARP (Pays-Bas)<br \/>\nFundaci\u00f3n S\u2019Olivar (Espagne)<br \/>\nAsociaci\u00f3n Umoya (Espagne)<br \/>\nInshuti (Espagne)<br \/>\nCongr\u00e8s Rwandais du Canada (Canada)<br \/>\nFondation for Freedom and Democray in Rwanda (Pays-Bas)<br \/>\nFondation for Freedom and Democray in Rwanda (USA)<br \/>\nFEDERMO (Pays-Bas)<\/em><\/p>\n<p style=\"text-align: center;\">vous invitent \u00e0 participer \u00e0 <strong>une journ\u00e9e de r\u00e9flexion et de comm\u00e9moration des cinq ans de son emprisonnement<\/strong>.<\/p>\n<hr noshade=\"noshade\" size=\"6\" \/>\n<p style=\"text-align: center;\">Date: 24 octobre 2015<br \/>\nHeure: 13:00<br \/>\nLieu: Rue Washington 40, B-1050 Brusels, Belgium<br \/>\nContacts: Tel + 32 478973762 \/ 487288669 \/ 478489258 \/ 492914780<\/p>\n<hr noshade=\"noshade\" size=\"6\" \/>\n<p style=\"text-align: center;\">Le message du jour sera donn\u00e9 par Mr. Juan CARRERO, de la Fundaci\u00f3n S\u2019Olivar, nomin\u00e9 pour le Prix Nobel de la Paix.<\/p>\n<hr noshade=\"noshade\" size=\"6\" \/>\n","protected":false},"excerpt":{"rendered":"<p>Victoire INGABIRE UMUHOZA: Prisonni\u00e8re Politique depuis cinq ans Mme Victoire INGABIRE UMUHOZA, Pr\u00e9sidente des FDU-INKINGI, arriv\u00e9e au RWANDA le 16 janvier 2010 pour participer aux \u00e9lections pr\u00e9sidentielles, fut incarc\u00e9r\u00e9e, apr\u00e8s plusieurs mois en r\u00e9sidence surveill\u00e9e et injustement condamn\u00e9e par le pouvoir de KIGALI, \u00e0 15 ans de prison ferme. Les \u2026<\/p>\n<p> <a class=\"continue-reading-link\" href=\"https:\/\/www.friendsofvictoire.org\/fr\/victoire-ingabire-umuhoza-prisonniere-politique-depuis-cinq-ans\/\">Continuer \u00e0 lire<i class=\"icon-right-dir\"><\/i><\/a><\/p>\n","protected":false},"author":1,"featured_media":137,"comment_status":"closed","ping_status":"closed","sticky":false,"template":"","format":"standard","meta":{"footnotes":""},"categories":[1],"tags":[],"class_list":["post-134","post","type-post","status-publish","format-standard","has-post-thumbnail","hentry","category-divers"],"jetpack_featured_media_url":"https:\/\/www.friendsofvictoire.org\/fr\/wp-content\/uploads\/2015\/09\/Victoire-Ingabire-umuhoza-five-years.jpg","_links":{"self":[{"href":"https:\/\/www.friendsofvictoire.org\/fr\/wp-json\/wp\/v2\/posts\/134","targetHints":{"allow":["GET"]}}],"collection":[{"href":"https:\/\/www.friendsofvictoire.org\/fr\/wp-json\/wp\/v2\/posts"}],"about":[{"href":"https:\/\/www.friendsofvictoire.org\/fr\/wp-json\/wp\/v2\/types\/post"}],"author":[{"embeddable":true,"href":"https:\/\/www.friendsofvictoire.org\/fr\/wp-json\/wp\/v2\/users\/1"}],"replies":[{"embeddable":true,"href":"https:\/\/www.friendsofvictoire.org\/fr\/wp-json\/wp\/v2\/comments?post=134"}],"version-history":[{"count":4,"href":"https:\/\/www.friendsofvictoire.org\/fr\/wp-json\/wp\/v2\/posts\/134\/revisions"}],"predecessor-version":[{"id":139,"href":"https:\/\/www.friendsofvictoire.org\/fr\/wp-json\/wp\/v2\/posts\/134\/revisions\/139"}],"wp:featuredmedia":[{"embeddable":true,"href":"https:\/\/www.friendsofvictoire.org\/fr\/wp-json\/wp\/v2\/media\/137"}],"wp:attachment":[{"href":"https:\/\/www.friendsofvictoire.org\/fr\/wp-json\/wp\/v2\/media?parent=134"}],"wp:term":[{"taxonomy":"category","embeddable":true,"href":"https:\/\/www.friendsofvictoire.org\/fr\/wp-json\/wp\/v2\/categories?post=134"},{"taxonomy":"post_tag","embeddable":true,"href":"https:\/\/www.friendsofvictoire.org\/fr\/wp-json\/wp\/v2\/tags?post=134"}],"curies":[{"name":"wp","href":"https:\/\/api.w.org\/{rel}","templated":true}]}}