{"id":90,"date":"2015-03-22T00:23:35","date_gmt":"2015-03-22T00:23:35","guid":{"rendered":"http:\/\/www.friendsofvictoire.org\/fr\/?p=90"},"modified":"2015-09-26T21:26:29","modified_gmt":"2015-09-26T21:26:29","slug":"mandela-dans-son-temps-ingabire-aujourdhui","status":"publish","type":"post","link":"https:\/\/www.friendsofvictoire.org\/fr\/mandela-dans-son-temps-ingabire-aujourdhui\/","title":{"rendered":"Mandela dans son temps, Ingabire aujourd&rsquo;hui"},"content":{"rendered":"<p><strong>Victoire Ingabire Umuhoza: Cinq ans au front de la lutte pour la libert\u00e9, les droits de l\u2019homme et la d\u00e9mocratie au Rwanda.<br \/>\n<\/strong><\/p>\n<address><em>\u00ab Chers Rwandais, afin de pouvoir construire notre pays dans la paix nous devons nous unir et nous respecter mutuellement \u00bb : <\/em>Victoire Ingabire Umuhoza<\/address>\n<address>\u00a0<\/address>\n<address><em>\u00ab Ce mouvement est beaucoup plus fort que moi \u00bb : <\/em>Victoire Ingabire Umuhoza<\/address>\n<address>\u00a0<\/address>\n<address><img loading=\"lazy\" decoding=\"async\" class=\"aligncenter size-full wp-image-335\" src=\"http:\/\/www.friendsofvictoire.org\/wp-content\/uploads\/2015\/01\/Victoire-Early-to-Now.jpg\" alt=\"Victoire-Early-to-Now\" width=\"782\" height=\"383\" \/><\/address>\n<p style=\"text-align: justify;\">Le 17 janvier 2015, cinq ans se seront \u00e9coul\u00e9s depuis le retour de Victoire Ingabire Umuhoza dans son pays natal, le Rwanda, et ce au front de la bataille pour la libert\u00e9, la d\u00e9fense des droits de l\u2019homme et la d\u00e9mocratie. Son action a apport\u00e9 la libert\u00e9 et de l\u2019espoir dans les c\u0153urs de beaucoup de personnes. Avant son d\u00e9part, elle a bien pris le temps de dire ce qui suit :<\/p>\n<p style=\"text-align: justify;\">\u00ab <em>Je ne vous consid\u00e8re pas comme des l\u00e2ches, mais tout d\u00e9pendra de votre comportement et vos actions \u00bb. Puis elle a dit : \u00ab Soyez vigilants, et demandez conseils et soutiens quand n\u00e9cessaire<\/em> \u00bb.<\/p>\n<p style=\"text-align: justify;\">Nous avons tous eu une p\u00e9riode de 5 ans pour admirer son courage, constater l\u2019injustice et l\u2019ingratitude impos\u00e9s sur elle par son peuple, par les m\u00eames personnes qu\u2019elle consid\u00e9rait \u00eatre sa famille dans son pays natal. J\u2019ose penser que beaucoup d\u2019entre nous dans le monde entier avons suivi avec attention les \u00e9v\u00e9nements entourant son proc\u00e8s et sa condamnation.<\/p>\n<p style=\"text-align: justify;\">Il est maintenant grand temps d\u2019appeler tout les rwandais, les amis du Rwanda et les leaders du monde entier \u00e0 contribuer \u00e0 la lib\u00e9ration des rwandais, \u00e0 l\u2019apport de la paix et la prosp\u00e9rit\u00e9 dans la r\u00e9gion des grand lacs et ce en l\u2019honneur de Victoire Ingabire.<\/p>\n<p style=\"text-align: justify;\">Madame Victoire Ingabire est la Mandela de nos jours, elle a \u00e9t\u00e9 accus\u00e9e par le gouvernement du Front Patriotique Rwandais (FPR) de \u00ab terrorisme, de divisionnisme et n\u00e9gationnisme \u00bb. Ils ont manqu\u00e9 de voir son combat politique comme un processus d\u2019acc\u00e8s \u00e0 la libert\u00e9, \u00e0 l\u2019\u00e9galit\u00e9 des droit pour tous les rwandais; relativement le m\u00eame combat qu\u2019a men\u00e9 Mandela et ses camarades contre l\u2019apartheid en Afrique du sud.<\/p>\n<p style=\"text-align: justify;\">Bien conscient de la justesse du combat que menait son mouvement politique, Mandela pronon\u00e7a un grand discours devant la cours de justice \u00e0 l\u2019ouverture de son proc\u00e8s, dans lequel, entre autres points, il d\u00e9clara ceci :<\/p>\n<p style=\"text-align: justify;\"><em>\u00ab Durant toute ma vie, j\u2019ai d\u00e9di\u00e9 mon existence \u00e0 la lutte pour le bien \u00eatre du peuple africain. Je me suis battu contre la supr\u00e9matie des blancs, ainsi que contre la supr\u00e9matie des noirs. Jai choisi fortement l\u2019id\u00e9al de la d\u00e9mocratie et d\u2019une soci\u00e9t\u00e9 libre, dans laquelle tout le monde vit ensemble dans l\u2019harmonie et avec les m\u00eames opportunit\u00e9s.<\/em> <strong><em>Mais si tel en est le prix, c\u2019est un id\u00e9al pour lequel je suis pr\u00eat \u00e0 mourir.<\/em> \u00bb<\/strong><\/p>\n<p style=\"text-align: justify;\">Dans un m\u00eame ordre d\u2019id\u00e9es, Victoire Ingabire d\u00e9clara ceci : \u00ab <strong><em>Que je sois morte ou vivante<\/em><\/strong><em>,<\/em> <em>que je sois en prison ou en libert\u00e9, jamais ce que nous avons accompli ne retournera \u00e0 la case d\u00e9part. Ce mouvement est tellement plus grand que moi \u00bb<\/em><\/p>\n<p style=\"text-align: justify;\">Les deux leaders politiques \u00e9taient pr\u00eats \u00e0 mourir pour les causes qu\u2019ils d\u00e9fendent : Mandela dans son temps, et Victoire Ingabire maintenant.<\/p>\n<p style=\"text-align: justify;\">Au nom de notre organisation, Friends of Victoire, j\u2019aimerais vous encourager tous \u00e0 joindre vos voix aux n\u00f4tres, pour faire une campagne de lib\u00e9ration de la femme africaine h\u00e9ro de la lutte pour la libert\u00e9, des droits humains et de la d\u00e9mocratie. Elle est une h\u00e9ro\u00efne qui a brav\u00e9 les obstacles et les menaces en se soulevant et s\u2019exprimant contre la domination et la tyrannie.<\/p>\n<p><strong>Marie Lyse Numuhoza <\/strong><br \/>\n<strong>Pr\u00e9sidente des Friends of Victoire<\/strong><br \/>\n<strong>friendsofvictoire.org<\/strong><\/p>\n","protected":false},"excerpt":{"rendered":"<p>Victoire Ingabire Umuhoza: Cinq ans au front de la lutte pour la libert\u00e9, les droits de l\u2019homme et la d\u00e9mocratie au Rwanda. \u00ab Chers Rwandais, afin de pouvoir construire notre pays dans la paix nous devons nous unir et nous respecter mutuellement \u00bb : Victoire Ingabire Umuhoza \u00a0 \u00ab Ce \u2026<\/p>\n<p> <a class=\"continue-reading-link\" href=\"https:\/\/www.friendsofvictoire.org\/fr\/mandela-dans-son-temps-ingabire-aujourdhui\/\">Continuer \u00e0 lire<i class=\"icon-right-dir\"><\/i><\/a><\/p>\n","protected":false},"author":3,"featured_media":132,"comment_status":"closed","ping_status":"closed","sticky":false,"template":"","format":"standard","meta":{"footnotes":""},"categories":[3],"tags":[],"class_list":["post-90","post","type-post","status-publish","format-standard","has-post-thumbnail","hentry","category-messages"],"jetpack_featured_media_url":"https:\/\/www.friendsofvictoire.org\/fr\/wp-content\/uploads\/2015\/03\/Marie_Lyse_Numuhoza.jpg","_links":{"self":[{"href":"https:\/\/www.friendsofvictoire.org\/fr\/wp-json\/wp\/v2\/posts\/90","targetHints":{"allow":["GET"]}}],"collection":[{"href":"https:\/\/www.friendsofvictoire.org\/fr\/wp-json\/wp\/v2\/posts"}],"about":[{"href":"https:\/\/www.friendsofvictoire.org\/fr\/wp-json\/wp\/v2\/types\/post"}],"author":[{"embeddable":true,"href":"https:\/\/www.friendsofvictoire.org\/fr\/wp-json\/wp\/v2\/users\/3"}],"replies":[{"embeddable":true,"href":"https:\/\/www.friendsofvictoire.org\/fr\/wp-json\/wp\/v2\/comments?post=90"}],"version-history":[{"count":3,"href":"https:\/\/www.friendsofvictoire.org\/fr\/wp-json\/wp\/v2\/posts\/90\/revisions"}],"predecessor-version":[{"id":99,"href":"https:\/\/www.friendsofvictoire.org\/fr\/wp-json\/wp\/v2\/posts\/90\/revisions\/99"}],"wp:featuredmedia":[{"embeddable":true,"href":"https:\/\/www.friendsofvictoire.org\/fr\/wp-json\/wp\/v2\/media\/132"}],"wp:attachment":[{"href":"https:\/\/www.friendsofvictoire.org\/fr\/wp-json\/wp\/v2\/media?parent=90"}],"wp:term":[{"taxonomy":"category","embeddable":true,"href":"https:\/\/www.friendsofvictoire.org\/fr\/wp-json\/wp\/v2\/categories?post=90"},{"taxonomy":"post_tag","embeddable":true,"href":"https:\/\/www.friendsofvictoire.org\/fr\/wp-json\/wp\/v2\/tags?post=90"}],"curies":[{"name":"wp","href":"https:\/\/api.w.org\/{rel}","templated":true}]}}