{"id":92,"date":"2015-03-22T00:33:28","date_gmt":"2015-03-22T00:33:28","guid":{"rendered":"http:\/\/www.friendsofvictoire.org\/fr\/?p=92"},"modified":"2015-09-26T21:26:17","modified_gmt":"2015-09-26T21:26:17","slug":"engagement-des-fils-et-filles-des-nations","status":"publish","type":"post","link":"https:\/\/www.friendsofvictoire.org\/fr\/engagement-des-fils-et-filles-des-nations\/","title":{"rendered":"Engagement des fils et filles des nations"},"content":{"rendered":"<div id=\"attachment_95\" style=\"width: 503px\" class=\"wp-caption aligncenter\"><img loading=\"lazy\" decoding=\"async\" aria-describedby=\"caption-attachment-95\" class=\"wp-image-95 size-full\" src=\"http:\/\/www.friendsofvictoire.org\/fr\/wp-content\/uploads\/2015\/03\/IngabireVictoire.jpg\" alt=\"IngabireVictoire\" width=\"493\" height=\"274\" srcset=\"https:\/\/www.friendsofvictoire.org\/fr\/wp-content\/uploads\/2015\/03\/IngabireVictoire.jpg 493w, https:\/\/www.friendsofvictoire.org\/fr\/wp-content\/uploads\/2015\/03\/IngabireVictoire-300x167.jpg 300w, https:\/\/www.friendsofvictoire.org\/fr\/wp-content\/uploads\/2015\/03\/IngabireVictoire-250x139.jpg 250w, https:\/\/www.friendsofvictoire.org\/fr\/wp-content\/uploads\/2015\/03\/IngabireVictoire-150x83.jpg 150w\" sizes=\"auto, (max-width: 493px) 100vw, 493px\" \/><p id=\"caption-attachment-95\" class=\"wp-caption-text\">Victoire Ingabire qui fait le combat pour son peuple<\/p><\/div>\n<p style=\"text-align: justify;\">L\u2019histoire des Peuples nous apprend qu\u2019aucune Nation n\u2019a pu \u00eatre construite sans le courage, l\u2019abn\u00e9gation, l\u2019engagement, et parfois m\u00eame le martyre de certains de ses filles et fils. Engagement contre l\u2019injustice, l\u2019oppression, les in\u00e9galit\u00e9s, le racisme et la s\u00e9gr\u00e9gation, l\u2019abus des libert\u00e9s fondamentales, etc.<\/p>\n<p style=\"text-align: justify;\">Dans leur temps, Martin Luther King en Am\u00e9rique, le Mahatma Gandhi en Inde, Nelson Mandela en Afrique du Sud et, plus pr\u00e8s de nous au Congo, Patrice Emery Lumumba, pour ne citer que ceux-l\u00e0, ont combattu l&rsquo;injustice, ont combattu pour la libert\u00e9 et la dignit\u00e9 de leur peuple et ont pu rassembler beaucoups de gens dans le monde entier pour la meme cause.<\/p>\n<p style=\"text-align: justify;\">Cette fois-ci, c&rsquo;est Victoire Ingabire qui fait le meme combat pour son peuple au Rwanda, et elle subit le meme sort que ses predecesseurs. Rassemblons nos force pour la meme cause et reclamons sa liberation par le gouvernement Rwandais. Ensemble, nous fairons la difference en reclamant haut et fort : LIBEREZ VICTOIRE INGABIRE; SET VICTOIRE INGABIRE FREE!!!<\/p>\n","protected":false},"excerpt":{"rendered":"<p>L\u2019histoire des Peuples nous apprend qu\u2019aucune Nation n\u2019a pu \u00eatre construite sans le courage, l\u2019abn\u00e9gation, l\u2019engagement, et parfois m\u00eame le martyre de certains de ses filles et fils. Engagement contre l\u2019injustice, l\u2019oppression, les in\u00e9galit\u00e9s, le racisme et la s\u00e9gr\u00e9gation, l\u2019abus des libert\u00e9s fondamentales, etc. Dans leur temps, Martin Luther King \u2026<\/p>\n<p> <a class=\"continue-reading-link\" href=\"https:\/\/www.friendsofvictoire.org\/fr\/engagement-des-fils-et-filles-des-nations\/\">Continuer \u00e0 lire<i class=\"icon-right-dir\"><\/i><\/a><\/p>\n","protected":false},"author":1,"featured_media":81,"comment_status":"closed","ping_status":"closed","sticky":false,"template":"","format":"standard","meta":{"footnotes":""},"categories":[1],"tags":[],"class_list":["post-92","post","type-post","status-publish","format-standard","has-post-thumbnail","hentry","category-divers"],"jetpack_featured_media_url":"https:\/\/www.friendsofvictoire.org\/fr\/wp-content\/uploads\/2015\/03\/Ingabire-looks-down.jpg","_links":{"self":[{"href":"https:\/\/www.friendsofvictoire.org\/fr\/wp-json\/wp\/v2\/posts\/92","targetHints":{"allow":["GET"]}}],"collection":[{"href":"https:\/\/www.friendsofvictoire.org\/fr\/wp-json\/wp\/v2\/posts"}],"about":[{"href":"https:\/\/www.friendsofvictoire.org\/fr\/wp-json\/wp\/v2\/types\/post"}],"author":[{"embeddable":true,"href":"https:\/\/www.friendsofvictoire.org\/fr\/wp-json\/wp\/v2\/users\/1"}],"replies":[{"embeddable":true,"href":"https:\/\/www.friendsofvictoire.org\/fr\/wp-json\/wp\/v2\/comments?post=92"}],"version-history":[{"count":3,"href":"https:\/\/www.friendsofvictoire.org\/fr\/wp-json\/wp\/v2\/posts\/92\/revisions"}],"predecessor-version":[{"id":94,"href":"https:\/\/www.friendsofvictoire.org\/fr\/wp-json\/wp\/v2\/posts\/92\/revisions\/94"}],"wp:featuredmedia":[{"embeddable":true,"href":"https:\/\/www.friendsofvictoire.org\/fr\/wp-json\/wp\/v2\/media\/81"}],"wp:attachment":[{"href":"https:\/\/www.friendsofvictoire.org\/fr\/wp-json\/wp\/v2\/media?parent=92"}],"wp:term":[{"taxonomy":"category","embeddable":true,"href":"https:\/\/www.friendsofvictoire.org\/fr\/wp-json\/wp\/v2\/categories?post=92"},{"taxonomy":"post_tag","embeddable":true,"href":"https:\/\/www.friendsofvictoire.org\/fr\/wp-json\/wp\/v2\/tags?post=92"}],"curies":[{"name":"wp","href":"https:\/\/api.w.org\/{rel}","templated":true}]}}